{"id":333,"date":"2016-04-30T17:54:33","date_gmt":"2016-04-30T15:54:33","guid":{"rendered":"https:\/\/benedikt-merz.de\/Blog\/?p=333"},"modified":"2016-05-01T11:04:41","modified_gmt":"2016-05-01T09:04:41","slug":"amaryllis-im-zeitraffer","status":"publish","type":"post","link":"https:\/\/benedikt-merz.de\/Blog\/?p=333","title":{"rendered":"Amaryllis im Zeitraffer"},"content":{"rendered":"<p>Vor einigen Wochen hat Andrea die Amaryllis aus dem Keller geholt. Recht schnell zeigten sich dann Bl\u00e4tter und nat\u00fcrlich auch eine Bl\u00fcte.<!--more--><\/p>\n<p>Das \u00d6ffnen der Bl\u00fcte haben wir dokumentiert und ist hier in Zeitraffer zu sehen.<\/p>\n<p><a href=\"https:\/\/benedikt-merz.de\/Blog\/wp-content\/uploads\/2016\/04\/amaryllis.avi\">Amaryllis<\/a><\/p>\n<p>Erstellt habe ich das Zeitraffer-Video mit dem Linux-Tool mencoder.<\/p>\n<blockquote><p>mencoder -nosound &#8222;mf:\/\/*.jpg&#8220; -mf fps=6:type=jpg -ovc lavc -lavcopts vcodec=mpeg4:mbd=2:trell:autoaspect:vqscale=3 -vf scale=1080:719 -o video.mp4<\/p><\/blockquote>\n","protected":false},"excerpt":{"rendered":"<p>Vor einigen Wochen hat Andrea die Amaryllis aus dem Keller geholt. Recht schnell zeigten sich dann Bl\u00e4tter und nat\u00fcrlich auch eine Bl\u00fcte.<\/p>\n","protected":false},"author":1,"featured_media":0,"comment_status":"open","ping_status":"open","sticky":false,"template":"","format":"standard","meta":{"footnotes":""},"categories":[8],"tags":[49,48,27],"class_list":["post-333","post","type-post","status-publish","format-standard","hentry","category-stuttgart","tag-amaryllis","tag-blume","tag-zeitraffer"],"_links":{"self":[{"href":"https:\/\/benedikt-merz.de\/Blog\/index.php?rest_route=\/wp\/v2\/posts\/333","targetHints":{"allow":["GET"]}}],"collection":[{"href":"https:\/\/benedikt-merz.de\/Blog\/index.php?rest_route=\/wp\/v2\/posts"}],"about":[{"href":"https:\/\/benedikt-merz.de\/Blog\/index.php?rest_route=\/wp\/v2\/types\/post"}],"author":[{"embeddable":true,"href":"https:\/\/benedikt-merz.de\/Blog\/index.php?rest_route=\/wp\/v2\/users\/1"}],"replies":[{"embeddable":true,"href":"https:\/\/benedikt-merz.de\/Blog\/index.php?rest_route=%2Fwp%2Fv2%2Fcomments&post=333"}],"version-history":[{"count":13,"href":"https:\/\/benedikt-merz.de\/Blog\/index.php?rest_route=\/wp\/v2\/posts\/333\/revisions"}],"predecessor-version":[{"id":349,"href":"https:\/\/benedikt-merz.de\/Blog\/index.php?rest_route=\/wp\/v2\/posts\/333\/revisions\/349"}],"wp:attachment":[{"href":"https:\/\/benedikt-merz.de\/Blog\/index.php?rest_route=%2Fwp%2Fv2%2Fmedia&parent=333"}],"wp:term":[{"taxonomy":"category","embeddable":true,"href":"https:\/\/benedikt-merz.de\/Blog\/index.php?rest_route=%2Fwp%2Fv2%2Fcategories&post=333"},{"taxonomy":"post_tag","embeddable":true,"href":"https:\/\/benedikt-merz.de\/Blog\/index.php?rest_route=%2Fwp%2Fv2%2Ftags&post=333"}],"curies":[{"name":"wp","href":"https:\/\/api.w.org\/{rel}","templated":true}]}}